{"id":662,"date":"2020-11-11T20:50:47","date_gmt":"2020-11-11T19:50:47","guid":{"rendered":"https:\/\/nueva.afacatarroja.org\/2020\/11\/11\/afac-rep-una-subvencio-de-la-diputacio-de-valencia\/"},"modified":"2022-07-11T19:02:06","modified_gmt":"2022-07-11T19:02:06","slug":"afac-rep-una-subvencio-de-la-diputacio-de-valencia","status":"publish","type":"post","link":"https:\/\/afacatarroja.org\/ca\/afac-rep-una-subvencio-de-la-diputacio-de-valencia\/","title":{"rendered":"AFAC recibe una subvenci\u00f3 de la Diputaci\u00f3 de Val\u00e8ncia"},"content":{"rendered":"\n<p>Des d&#8217;AFAC volem agrair a la Diputaci\u00f3 Provincial de Val\u00e8ncia la subvenci\u00f3 concedida per al desenvolupament de projectes espec\u00edfics de mancomunitats i entitats privades d&#8217;acci\u00f3 social de la prov\u00edncia de Val\u00e8ncia en l&#8217;exercici 2020, per un import de 3.873,13\u20ac. <\/p>\n\n\n\n<p><strong>Moltes gr\u00e0cies!<\/strong><\/p>\n","protected":false},"excerpt":{"rendered":"<p>Des d&#8217;AFAC volem agrair a la Diputaci\u00f3 Provincial de Val\u00e8ncia la subvenci\u00f3 concedida per al desenvolupament de projectes espec\u00edfics de mancomunitats i entitats privades d&#8217;acci\u00f3 social de la prov\u00edncia de Val\u00e8ncia en l&#8217;exercici 2020, per un import de 3.873,13\u20ac. Moltes gr\u00e0cies!<\/p>\n","protected":false},"author":1,"featured_media":711,"comment_status":"closed","ping_status":"closed","sticky":false,"template":"","format":"standard","meta":{"footnotes":""},"categories":[29],"tags":[],"class_list":["post-662","post","type-post","status-publish","format-standard","has-post-thumbnail","hentry","category-ajudes-i-subvencions"],"_links":{"self":[{"href":"https:\/\/afacatarroja.org\/ca\/wp-json\/wp\/v2\/posts\/662","targetHints":{"allow":["GET"]}}],"collection":[{"href":"https:\/\/afacatarroja.org\/ca\/wp-json\/wp\/v2\/posts"}],"about":[{"href":"https:\/\/afacatarroja.org\/ca\/wp-json\/wp\/v2\/types\/post"}],"author":[{"embeddable":true,"href":"https:\/\/afacatarroja.org\/ca\/wp-json\/wp\/v2\/users\/1"}],"replies":[{"embeddable":true,"href":"https:\/\/afacatarroja.org\/ca\/wp-json\/wp\/v2\/comments?post=662"}],"version-history":[{"count":1,"href":"https:\/\/afacatarroja.org\/ca\/wp-json\/wp\/v2\/posts\/662\/revisions"}],"predecessor-version":[{"id":663,"href":"https:\/\/afacatarroja.org\/ca\/wp-json\/wp\/v2\/posts\/662\/revisions\/663"}],"wp:featuredmedia":[{"embeddable":true,"href":"https:\/\/afacatarroja.org\/ca\/wp-json\/wp\/v2\/media\/711"}],"wp:attachment":[{"href":"https:\/\/afacatarroja.org\/ca\/wp-json\/wp\/v2\/media?parent=662"}],"wp:term":[{"taxonomy":"category","embeddable":true,"href":"https:\/\/afacatarroja.org\/ca\/wp-json\/wp\/v2\/categories?post=662"},{"taxonomy":"post_tag","embeddable":true,"href":"https:\/\/afacatarroja.org\/ca\/wp-json\/wp\/v2\/tags?post=662"}],"curies":[{"name":"wp","href":"https:\/\/api.w.org\/{rel}","templated":true}]}}