{"id":2489,"date":"2025-01-28T14:08:00","date_gmt":"2025-01-28T13:08:00","guid":{"rendered":"https:\/\/afacatarroja.org\/?p=2489"},"modified":"2025-02-24T14:10:09","modified_gmt":"2025-02-24T13:10:09","slug":"subvencions-a-les-associacions-locals-en-concurrencia-competitiva-per-a-2024-programes-serveis-socials-educacio-cultura-joventut-i-comerc-de-lajuntament-de-catarroja","status":"publish","type":"post","link":"https:\/\/afacatarroja.org\/ca\/subvencions-a-les-associacions-locals-en-concurrencia-competitiva-per-a-2024-programes-serveis-socials-educacio-cultura-joventut-i-comerc-de-lajuntament-de-catarroja\/","title":{"rendered":"SUBVENCIONS A LES ASSOCIACIONS LOCALS EN CONCURR\u00c8NCIA COMPETITIVA PER A 2024, PROGRAMES SERVEIS SOCIALS, EDUCACI\u00d3, CULTURA, JOVENTUT I COMER\u00c7 DE L&#8217;AJUNTAMENT DE CATARROJA"},"content":{"rendered":"\n<p>Gr\u00e0cies a l&#8217;Ajuntament de Catarroja per les subvencions concedides a la nostra Associaci\u00f3 de Familiars de malalts d&#8217;Alzheimer i altres dem\u00e8ncies de Catarroja (AFAC)&nbsp;dins de la convocat\u00f2ria de subvencions concedides a les associacions locals en concurr\u00e8ncia competitiva per a 2024, programes Serveis Socials, Educaci\u00f3, Cultura, Joventut i Comer\u00e7.<\/p>\n\n\n\n<p>El projecte realitzat Fes-te voluntari@! Projecte de voluntariat AFAC, presentat al Programa d&#8217;Educaci\u00f3 de l\u2019Ajuntament de Catarroja, s&#8217;ha basat a aproximar el voluntariat i els seus valors a la poblaci\u00f3 estudiantil de 4t d&#8217;ESO de Catarroja, i a la poblaci\u00f3 en general, durant els mesos de gener a novembre de 2024.<\/p>\n\n\n\n<p>Ens han atorgat la quantitat de 1.275,03\u20ac per a poder desenvolupar el projecte.<\/p>\n\n\n\n<p>Moltes gr\u00e0cies.<\/p>\n\n\n\n<div class=\"wp-block-buttons is-layout-flex wp-block-buttons-is-layout-flex\">\n<div class=\"wp-block-button\"><a class=\"wp-block-button__link wp-element-button\" href=\"https:\/\/afacatarroja.org\/wp-content\/uploads\/2025\/02\/Resolucion_N_167_de_27012025_Resolucio_definitiva_de_c.pdf\" target=\"_blank\" rel=\"noreferrer noopener\">RESOLUCI\u00d3 PDF<\/a><\/div>\n<\/div>\n\n\n","protected":false},"excerpt":{"rendered":"<p>Gr\u00e0cies a l&#8217;Ajuntament de Catarroja per les subvencions concedides a la nostra Associaci\u00f3 de Familiars de malalts d&#8217;Alzheimer i altres dem\u00e8ncies de Catarroja (AFAC)&nbsp;dins de la convocat\u00f2ria de subvencions concedides a les associacions locals en concurr\u00e8ncia competitiva per a 2024, programes Serveis Socials, Educaci\u00f3, Cultura, Joventut i Comer\u00e7. El projecte realitzat Fes-te voluntari@! Projecte de [&#8230;]\n","protected":false},"author":1,"featured_media":1626,"comment_status":"closed","ping_status":"closed","sticky":false,"template":"","format":"standard","meta":{"footnotes":""},"categories":[29],"tags":[],"class_list":["post-2489","post","type-post","status-publish","format-standard","has-post-thumbnail","hentry","category-ajudes-i-subvencions"],"_links":{"self":[{"href":"https:\/\/afacatarroja.org\/ca\/wp-json\/wp\/v2\/posts\/2489","targetHints":{"allow":["GET"]}}],"collection":[{"href":"https:\/\/afacatarroja.org\/ca\/wp-json\/wp\/v2\/posts"}],"about":[{"href":"https:\/\/afacatarroja.org\/ca\/wp-json\/wp\/v2\/types\/post"}],"author":[{"embeddable":true,"href":"https:\/\/afacatarroja.org\/ca\/wp-json\/wp\/v2\/users\/1"}],"replies":[{"embeddable":true,"href":"https:\/\/afacatarroja.org\/ca\/wp-json\/wp\/v2\/comments?post=2489"}],"version-history":[{"count":1,"href":"https:\/\/afacatarroja.org\/ca\/wp-json\/wp\/v2\/posts\/2489\/revisions"}],"predecessor-version":[{"id":2491,"href":"https:\/\/afacatarroja.org\/ca\/wp-json\/wp\/v2\/posts\/2489\/revisions\/2491"}],"wp:featuredmedia":[{"embeddable":true,"href":"https:\/\/afacatarroja.org\/ca\/wp-json\/wp\/v2\/media\/1626"}],"wp:attachment":[{"href":"https:\/\/afacatarroja.org\/ca\/wp-json\/wp\/v2\/media?parent=2489"}],"wp:term":[{"taxonomy":"category","embeddable":true,"href":"https:\/\/afacatarroja.org\/ca\/wp-json\/wp\/v2\/categories?post=2489"},{"taxonomy":"post_tag","embeddable":true,"href":"https:\/\/afacatarroja.org\/ca\/wp-json\/wp\/v2\/tags?post=2489"}],"curies":[{"name":"wp","href":"https:\/\/api.w.org\/{rel}","templated":true}]}}