{"id":2480,"date":"2025-01-28T14:04:00","date_gmt":"2025-01-28T13:04:00","guid":{"rendered":"https:\/\/afacatarroja.org\/subvenciones-a-las-asociaciones-locales-en-concurrencia-competitiva-para-2024-programas-servicios-sociales-educacion-cultura-juventud-y-comercio-del-ayuntamiento-de-catarroja\/"},"modified":"2025-02-24T14:07:23","modified_gmt":"2025-02-24T13:07:23","slug":"subvenciones-a-las-asociaciones-locales-en-concurrencia-competitiva-para-2024-programas-servicios-sociales-educacion-cultura-juventud-y-comercio-del-ayuntamiento-de-catarroja","status":"publish","type":"post","link":"https:\/\/afacatarroja.org\/ca\/subvenciones-a-las-asociaciones-locales-en-concurrencia-competitiva-para-2024-programas-servicios-sociales-educacion-cultura-juventud-y-comercio-del-ayuntamiento-de-catarroja\/","title":{"rendered":"SUBVENCIONS A LES ASSOCIACIONS LOCALS EN CONCURR\u00c8NCIA COMPETITIVA PER A 2024, PROGRAMES SERVEIS SOCIALS, EDUCACI\u00d3, CULTURA, JOVENTUT I COMER\u00c7 DE L\u2019AJUNTAMENT DE CATARROJA"},"content":{"rendered":"\n<p>Gr\u00e0cies a l\u2019 Ajuntament de Catarroja per les subvencions concedides a la nostra Associaci\u00f3 de Familiars de malalts d&#8217;Alzheimer i altres dem\u00e8ncies de Catarroja (AFAC) dins de la convocat\u00f2ria de subvencions concedides a les associacions locals en concurr\u00e8ncia competitiva per a 2024, programes Serveis Socials, Educaci\u00f3, Cultura, Joventut i Comer\u00e7.<\/p>\n\n\n\n<p>El projecte realitzat TALLER D\u2019ENTRENA LA TEUA MENT 2024, Programa de Serveis Socials, s\u2019ha basat en atendre a persones afectades de malalties neurodegeneratives en Fase I (Lleu) de la malaltia, i a les persones familiars i cuidadores, durant el temps que dura el projecte, de gener a novembre de 2024.<\/p>\n\n\n\n<p>Ens han atorgat la quantitat de 3.355,82\u20ac per poder desenvolupar el projecte.<\/p>\n\n\n\n<p>Moltes gr\u00e0cies.<\/p>\n\n\n\n<div class=\"wp-block-buttons is-layout-flex wp-block-buttons-is-layout-flex\">\n<div class=\"wp-block-button\"><a class=\"wp-block-button__link wp-element-button\" href=\"https:\/\/afacatarroja.org\/wp-content\/uploads\/2025\/02\/Resolucion_N_167_de_27012025_Resolucio_definitiva_de_c.pdf\" target=\"_blank\" rel=\"noreferrer noopener\">RESOLUCI\u00d3 PDF<\/a><\/div>\n<\/div>\n\n\n","protected":false},"excerpt":{"rendered":"<p>Gr\u00e0cies a l\u2019 Ajuntament de Catarroja per les subvencions concedides a la nostra Associaci\u00f3 de Familiars de malalts d&#8217;Alzheimer i altres dem\u00e8ncies de Catarroja (AFAC) dins de la convocat\u00f2ria de subvencions concedides a les associacions locals en concurr\u00e8ncia competitiva per a 2024, programes Serveis Socials, Educaci\u00f3, Cultura, Joventut i Comer\u00e7. El projecte realitzat TALLER D\u2019ENTRENA [&#8230;]\n","protected":false},"author":1,"featured_media":1626,"comment_status":"closed","ping_status":"closed","sticky":false,"template":"","format":"standard","meta":{"footnotes":""},"categories":[29],"tags":[],"class_list":["post-2480","post","type-post","status-publish","format-standard","has-post-thumbnail","hentry","category-ajudes-i-subvencions"],"_links":{"self":[{"href":"https:\/\/afacatarroja.org\/ca\/wp-json\/wp\/v2\/posts\/2480","targetHints":{"allow":["GET"]}}],"collection":[{"href":"https:\/\/afacatarroja.org\/ca\/wp-json\/wp\/v2\/posts"}],"about":[{"href":"https:\/\/afacatarroja.org\/ca\/wp-json\/wp\/v2\/types\/post"}],"author":[{"embeddable":true,"href":"https:\/\/afacatarroja.org\/ca\/wp-json\/wp\/v2\/users\/1"}],"replies":[{"embeddable":true,"href":"https:\/\/afacatarroja.org\/ca\/wp-json\/wp\/v2\/comments?post=2480"}],"version-history":[{"count":3,"href":"https:\/\/afacatarroja.org\/ca\/wp-json\/wp\/v2\/posts\/2480\/revisions"}],"predecessor-version":[{"id":2487,"href":"https:\/\/afacatarroja.org\/ca\/wp-json\/wp\/v2\/posts\/2480\/revisions\/2487"}],"wp:featuredmedia":[{"embeddable":true,"href":"https:\/\/afacatarroja.org\/ca\/wp-json\/wp\/v2\/media\/1626"}],"wp:attachment":[{"href":"https:\/\/afacatarroja.org\/ca\/wp-json\/wp\/v2\/media?parent=2480"}],"wp:term":[{"taxonomy":"category","embeddable":true,"href":"https:\/\/afacatarroja.org\/ca\/wp-json\/wp\/v2\/categories?post=2480"},{"taxonomy":"post_tag","embeddable":true,"href":"https:\/\/afacatarroja.org\/ca\/wp-json\/wp\/v2\/tags?post=2480"}],"curies":[{"name":"wp","href":"https:\/\/api.w.org\/{rel}","templated":true}]}}