{"id":2426,"date":"2024-12-20T11:35:00","date_gmt":"2024-12-20T10:35:00","guid":{"rendered":"https:\/\/afacatarroja.org\/subvencion-irpf-2024-2025\/"},"modified":"2025-02-07T11:36:38","modified_gmt":"2025-02-07T10:36:38","slug":"subvencion-irpf-2024-2025","status":"publish","type":"post","link":"https:\/\/afacatarroja.org\/ca\/subvencion-irpf-2024-2025\/","title":{"rendered":"SUBVENCI\u00d3 IRPF 2024-2025"},"content":{"rendered":"\n<p>Des de la Vicepresid\u00e8ncia Primera i Conselleria de Serveis Socials, Igualtat i Habitatge, per la qual es concedeixen i es dona publicitat a les ajudes dirigides a la realitzaci\u00f3 de programes d&#8217;inter\u00e9s general per a atendre fins de car\u00e0cter social amb c\u00e0rrec al tram auton\u00f2mic de l&#8217;assignaci\u00f3 tribut\u00e0ria del 0,7% de l&#8217;impost sobre la renda de les persones f\u00edsiques, per a l&#8217;exercici 2024, se&#8217;ns atorga la quantitat de 3.390,32\u20ac per a la realitzaci\u00f3 de diferents programes a realitzar durant l&#8217;any 2024.<\/p>\n\n\n\n<p>Este projecte ha sigut executat juntament amb la nostra Federaci\u00f3 FEVAFA i altres afes federades.<\/p>\n\n\n\n<p>Els programes s\u00f3n els seg\u00fcents:<\/p>\n\n\n\n<p><strong>Conviv\u00e8ncia intergeneracional: 1.276,32 \u20ac<\/strong><\/p>\n\n\n\n<p><strong>Prevenci\u00f3 i sensibilitzaci\u00f3: 1.918,35 \u20ac<\/strong><\/p>\n\n\n\n<p><strong>Adequaci\u00f3 d&#8217;instal\u00b7lacions i equipament: 195,65 \u20ac<\/strong><\/p>\n\n\n\n<p>Moltes gr\u00e0cies per atorgar-nos aquesta ajuda.<\/p>\n\n\n","protected":false},"excerpt":{"rendered":"<p>Des de la Vicepresid\u00e8ncia Primera i Conselleria de Serveis Socials, Igualtat i Habitatge, per la qual es concedeixen i es dona publicitat a les ajudes dirigides a la realitzaci\u00f3 de programes d&#8217;inter\u00e9s general per a atendre fins de car\u00e0cter social amb c\u00e0rrec al tram auton\u00f2mic de l&#8217;assignaci\u00f3 tribut\u00e0ria del 0,7% de l&#8217;impost sobre la renda [&#8230;]\n","protected":false},"author":1,"featured_media":2133,"comment_status":"closed","ping_status":"closed","sticky":false,"template":"","format":"standard","meta":{"footnotes":""},"categories":[19],"tags":[],"class_list":["post-2426","post","type-post","status-publish","format-standard","has-post-thumbnail","hentry","category-actualitat"],"_links":{"self":[{"href":"https:\/\/afacatarroja.org\/ca\/wp-json\/wp\/v2\/posts\/2426","targetHints":{"allow":["GET"]}}],"collection":[{"href":"https:\/\/afacatarroja.org\/ca\/wp-json\/wp\/v2\/posts"}],"about":[{"href":"https:\/\/afacatarroja.org\/ca\/wp-json\/wp\/v2\/types\/post"}],"author":[{"embeddable":true,"href":"https:\/\/afacatarroja.org\/ca\/wp-json\/wp\/v2\/users\/1"}],"replies":[{"embeddable":true,"href":"https:\/\/afacatarroja.org\/ca\/wp-json\/wp\/v2\/comments?post=2426"}],"version-history":[{"count":1,"href":"https:\/\/afacatarroja.org\/ca\/wp-json\/wp\/v2\/posts\/2426\/revisions"}],"predecessor-version":[{"id":2427,"href":"https:\/\/afacatarroja.org\/ca\/wp-json\/wp\/v2\/posts\/2426\/revisions\/2427"}],"wp:featuredmedia":[{"embeddable":true,"href":"https:\/\/afacatarroja.org\/ca\/wp-json\/wp\/v2\/media\/2133"}],"wp:attachment":[{"href":"https:\/\/afacatarroja.org\/ca\/wp-json\/wp\/v2\/media?parent=2426"}],"wp:term":[{"taxonomy":"category","embeddable":true,"href":"https:\/\/afacatarroja.org\/ca\/wp-json\/wp\/v2\/categories?post=2426"},{"taxonomy":"post_tag","embeddable":true,"href":"https:\/\/afacatarroja.org\/ca\/wp-json\/wp\/v2\/tags?post=2426"}],"curies":[{"name":"wp","href":"https:\/\/api.w.org\/{rel}","templated":true}]}}