{"id":2421,"date":"2024-07-15T11:31:00","date_gmt":"2024-07-15T09:31:00","guid":{"rendered":"https:\/\/afacatarroja.org\/subvenciones-destinadas-al-mantenimiento-y-desarrollo-de-proyectos-especificos-de-mancomunidades-y-entidades-privadas-de-accion-social-de-la-provincia-en-el-ejercicio-2024\/"},"modified":"2025-02-11T11:30:45","modified_gmt":"2025-02-11T10:30:45","slug":"subvenciones-destinadas-al-mantenimiento-y-desarrollo-de-proyectos-especificos-de-mancomunidades-y-entidades-privadas-de-accion-social-de-la-provincia-en-el-ejercicio-2024","status":"publish","type":"post","link":"https:\/\/afacatarroja.org\/ca\/subvenciones-destinadas-al-mantenimiento-y-desarrollo-de-proyectos-especificos-de-mancomunidades-y-entidades-privadas-de-accion-social-de-la-provincia-en-el-ejercicio-2024\/","title":{"rendered":"SUBVENCIONS DESTINADES AL MANTENIMENT I DESENVOLUPAMENT DE PROJECTES ESPEC\u00cdFICS DE MANCOMUNITATS I ENTITATS PRIVADES D&#8217;ACCI\u00d3 SOCIAL DE LA PROV\u00cdNCIA EN L&#8217;EXERCICI 2024"},"content":{"rendered":"\n<p>Gr\u00e0cies a la Diputaci\u00f3 de Val\u00e8ncia per la subvenci\u00f3 concedida a la nostra Associaci\u00f3 de Familiars de malalts d&#8217;Alzheimer i altres dem\u00e8ncies de Catarroja (AFAC)&nbsp;dins de la convocat\u00f2ria de Subvencions destinades al manteniment i desenvolupament de projectes espec\u00edfics de mancomunitats i entitats privades d&#8217;acci\u00f3 social de la prov\u00edncia en l&#8217;exercici 2024.<\/p>\n\n\n\n<p>El programa subvencionat ha sigut el PROJECTE D\u2019ATENCI\u00d3, ORIENTACI\u00d3 I ASSESSORAMENT SOCIOFAMILIAR AFAC 2024, amb la quantitat de 3.193,87\u20ac.<\/p>\n\n\n\n<p>Moltes gr\u00e0cies.<\/p>\n\n\n\n<div class=\"wp-block-buttons is-layout-flex wp-block-buttons-is-layout-flex\">\n<div class=\"wp-block-button\"><a class=\"wp-block-button__link wp-element-button\" href=\"https:\/\/afacatarroja.org\/wp-content\/uploads\/2025\/02\/RESOLUCIO-DIPUTACIO-DE-VALENCIA-2024.pdf\" target=\"_blank\" rel=\"noreferrer noopener\">RESOLUCI\u00d3N PDF<\/a><\/div>\n<\/div>\n\n\n","protected":false},"excerpt":{"rendered":"<p>Gr\u00e0cies a la Diputaci\u00f3 de Val\u00e8ncia per la subvenci\u00f3 concedida a la nostra Associaci\u00f3 de Familiars de malalts d&#8217;Alzheimer i altres dem\u00e8ncies de Catarroja (AFAC)&nbsp;dins de la convocat\u00f2ria de Subvencions destinades al manteniment i desenvolupament de projectes espec\u00edfics de mancomunitats i entitats privades d&#8217;acci\u00f3 social de la prov\u00edncia en l&#8217;exercici 2024. El programa subvencionat ha [&#8230;]\n","protected":false},"author":1,"featured_media":2256,"comment_status":"closed","ping_status":"closed","sticky":false,"template":"","format":"standard","meta":{"footnotes":""},"categories":[19],"tags":[],"class_list":["post-2421","post","type-post","status-publish","format-standard","has-post-thumbnail","hentry","category-actualitat"],"_links":{"self":[{"href":"https:\/\/afacatarroja.org\/ca\/wp-json\/wp\/v2\/posts\/2421","targetHints":{"allow":["GET"]}}],"collection":[{"href":"https:\/\/afacatarroja.org\/ca\/wp-json\/wp\/v2\/posts"}],"about":[{"href":"https:\/\/afacatarroja.org\/ca\/wp-json\/wp\/v2\/types\/post"}],"author":[{"embeddable":true,"href":"https:\/\/afacatarroja.org\/ca\/wp-json\/wp\/v2\/users\/1"}],"replies":[{"embeddable":true,"href":"https:\/\/afacatarroja.org\/ca\/wp-json\/wp\/v2\/comments?post=2421"}],"version-history":[{"count":2,"href":"https:\/\/afacatarroja.org\/ca\/wp-json\/wp\/v2\/posts\/2421\/revisions"}],"predecessor-version":[{"id":2472,"href":"https:\/\/afacatarroja.org\/ca\/wp-json\/wp\/v2\/posts\/2421\/revisions\/2472"}],"wp:featuredmedia":[{"embeddable":true,"href":"https:\/\/afacatarroja.org\/ca\/wp-json\/wp\/v2\/media\/2256"}],"wp:attachment":[{"href":"https:\/\/afacatarroja.org\/ca\/wp-json\/wp\/v2\/media?parent=2421"}],"wp:term":[{"taxonomy":"category","embeddable":true,"href":"https:\/\/afacatarroja.org\/ca\/wp-json\/wp\/v2\/categories?post=2421"},{"taxonomy":"post_tag","embeddable":true,"href":"https:\/\/afacatarroja.org\/ca\/wp-json\/wp\/v2\/tags?post=2421"}],"curies":[{"name":"wp","href":"https:\/\/api.w.org\/{rel}","templated":true}]}}