{"id":2413,"date":"2024-12-09T08:46:00","date_gmt":"2024-12-09T07:46:00","guid":{"rendered":"https:\/\/afacatarroja.org\/convocatoria-emergencia-dana-2024-fundacion-la-caixa\/"},"modified":"2025-01-28T08:50:36","modified_gmt":"2025-01-28T07:50:36","slug":"convocatoria-emergencia-dana-2024-fundacion-la-caixa","status":"publish","type":"post","link":"https:\/\/afacatarroja.org\/ca\/convocatoria-emergencia-dana-2024-fundacion-la-caixa\/","title":{"rendered":"CONVOCAT\u00d2RIA EMERG\u00c8NCIA DANA 2024 Fundaci\u00f3n \u201cla Caixa\u201d"},"content":{"rendered":"\n<p>Gr\u00e0cies a la Fundaci\u00f3 \u201cLa Caixa\u201d per la col\u00b7laboraci\u00f3 concedida a la nostra Associaci\u00f3 de Familiars de malalts d&#8217; Alzheimer i altres dem\u00e8ncies de Catarroja (AFAC)&nbsp;dins del Programa de la convocat\u00f2ria <strong>EMERG\u00c8NCIA&nbsp;DANA&nbsp;2024<\/strong>. Aquesta convocat\u00f2ria t\u00e9 com a finalitat fer costat a les entitats socials que plantegen desenvolupar intervencions d&#8217;emerg\u00e8ncia, dirigides especialment a persones o entitats que es troben en situacions de vulnerabilitat social en les zones greument afectades pels efectes derivats de la&nbsp;DANA, a la prov\u00edncia de Val\u00e8ncia.<\/p>\n\n\n\n<p>La quantitat de 20.000\u20ac ha sigut concedida per al PROJECTE TORNAR \u00c9S\u00a0POSSIBLE!\u00a0Per a col\u00b7laborar en el pagament de les n\u00f2mines de les professionals que conformen\u00a0AFAC, des del mes de novembre de 2024 fins a juny de 2025.<\/p>\n\n\n\n<p>Moltes gr\u00e0cies.<\/p>\n\n\n","protected":false},"excerpt":{"rendered":"<p>Gr\u00e0cies a la Fundaci\u00f3 \u201cLa Caixa\u201d per la col\u00b7laboraci\u00f3 concedida a la nostra Associaci\u00f3 de Familiars de malalts d&#8217; Alzheimer i altres dem\u00e8ncies de Catarroja (AFAC)&nbsp;dins del Programa de la convocat\u00f2ria EMERG\u00c8NCIA&nbsp;DANA&nbsp;2024. Aquesta convocat\u00f2ria t\u00e9 com a finalitat fer costat a les entitats socials que plantegen desenvolupar intervencions d&#8217;emerg\u00e8ncia, dirigides especialment a persones o entitats [&#8230;]\n","protected":false},"author":1,"featured_media":2410,"comment_status":"closed","ping_status":"closed","sticky":false,"template":"","format":"standard","meta":{"footnotes":""},"categories":[29],"tags":[],"class_list":["post-2413","post","type-post","status-publish","format-standard","has-post-thumbnail","hentry","category-ajudes-i-subvencions"],"_links":{"self":[{"href":"https:\/\/afacatarroja.org\/ca\/wp-json\/wp\/v2\/posts\/2413","targetHints":{"allow":["GET"]}}],"collection":[{"href":"https:\/\/afacatarroja.org\/ca\/wp-json\/wp\/v2\/posts"}],"about":[{"href":"https:\/\/afacatarroja.org\/ca\/wp-json\/wp\/v2\/types\/post"}],"author":[{"embeddable":true,"href":"https:\/\/afacatarroja.org\/ca\/wp-json\/wp\/v2\/users\/1"}],"replies":[{"embeddable":true,"href":"https:\/\/afacatarroja.org\/ca\/wp-json\/wp\/v2\/comments?post=2413"}],"version-history":[{"count":3,"href":"https:\/\/afacatarroja.org\/ca\/wp-json\/wp\/v2\/posts\/2413\/revisions"}],"predecessor-version":[{"id":2416,"href":"https:\/\/afacatarroja.org\/ca\/wp-json\/wp\/v2\/posts\/2413\/revisions\/2416"}],"wp:featuredmedia":[{"embeddable":true,"href":"https:\/\/afacatarroja.org\/ca\/wp-json\/wp\/v2\/media\/2410"}],"wp:attachment":[{"href":"https:\/\/afacatarroja.org\/ca\/wp-json\/wp\/v2\/media?parent=2413"}],"wp:term":[{"taxonomy":"category","embeddable":true,"href":"https:\/\/afacatarroja.org\/ca\/wp-json\/wp\/v2\/categories?post=2413"},{"taxonomy":"post_tag","embeddable":true,"href":"https:\/\/afacatarroja.org\/ca\/wp-json\/wp\/v2\/tags?post=2413"}],"curies":[{"name":"wp","href":"https:\/\/api.w.org\/{rel}","templated":true}]}}