{"id":2323,"date":"2024-07-29T08:45:00","date_gmt":"2024-07-29T06:45:00","guid":{"rendered":"https:\/\/afacatarroja.org\/subvenciones-para-el-fomento-del-valenciano-para-las-instituciones-entidades-y-asociaciones-sin-finalidad-lucrativa-modalidad-a-en-el-ambito-social-para-el-ano-2024\/"},"modified":"2025-02-11T11:32:38","modified_gmt":"2025-02-11T10:32:38","slug":"subvenciones-para-el-fomento-del-valenciano-para-las-instituciones-entidades-y-asociaciones-sin-finalidad-lucrativa-modalidad-a-en-el-ambito-social-para-el-ano-2024","status":"publish","type":"post","link":"https:\/\/afacatarroja.org\/ca\/subvenciones-para-el-fomento-del-valenciano-para-las-instituciones-entidades-y-asociaciones-sin-finalidad-lucrativa-modalidad-a-en-el-ambito-social-para-el-ano-2024\/","title":{"rendered":"SUBVENCIONS PER AL FOMENT DEL VALENCI\u00c0 PER A LES INSTITUCIONS, ENTITATS I ASSOCIACIONS SENSE FINALITAT LUCRATIVA (MODALITAT A), EN L&#8217;\u00c0MBIT SOCIAL, PER A L&#8217;ANY 2024"},"content":{"rendered":"\n<p>Gr\u00e0cies a la Conselleria d&#8217;Educaci\u00f3, Universitats i Ocupaci\u00f3 per la subvenci\u00f3 concedida a la nostra Associaci\u00f3 de Familiars de malalts d&#8217;Alzheimer i altres dem\u00e8ncies de Catarroja (AFAC) dins de la convocat\u00f2ria de subvencions per al foment del valenci\u00e0 per a les institucions, entitats i associacions sense finalitat lucrativa (Modalitat A), en l&#8217;\u00e0mbit social, per a l&#8217;any 2024. El projecte realitzat d&#8217;ajudes a la promoci\u00f3 del valenci\u00e0 en l&#8217;\u00e0mbit social, s&#8217;ha basat a promocionar el valenci\u00e0 en diferents aspectes com a cartelleria, informacions i marxandatge.<\/p>\n\n\n\n<p>Ens han atorgat la quantitat de 1.909,50\u20ac \u20ac per a poder desenvolupar el projecte.<\/p>\n\n\n\n<p>Moltes gr\u00e0cies.<\/p>\n\n\n\n<div class=\"wp-block-buttons is-layout-flex wp-block-buttons-is-layout-flex\">\n<div class=\"wp-block-button\"><a class=\"wp-block-button__link wp-element-button\" href=\"https:\/\/afacatarroja.org\/wp-content\/uploads\/2025\/02\/RESOLUCIO-SUBVENCIO-POLITIQUES-LINGUISTIQUES-GVA-2024.pdf\" target=\"_blank\" rel=\"noreferrer noopener\">RESOLUCI\u00d3 PDF<\/a><\/div>\n<\/div>\n\n\n","protected":false},"excerpt":{"rendered":"<p>Gr\u00e0cies a la Conselleria d&#8217;Educaci\u00f3, Universitats i Ocupaci\u00f3 per la subvenci\u00f3 concedida a la nostra Associaci\u00f3 de Familiars de malalts d&#8217;Alzheimer i altres dem\u00e8ncies de Catarroja (AFAC) dins de la convocat\u00f2ria de subvencions per al foment del valenci\u00e0 per a les institucions, entitats i associacions sense finalitat lucrativa (Modalitat A), en l&#8217;\u00e0mbit social, per a [&#8230;]\n","protected":false},"author":1,"featured_media":2320,"comment_status":"closed","ping_status":"closed","sticky":false,"template":"","format":"standard","meta":{"footnotes":""},"categories":[19],"tags":[],"class_list":["post-2323","post","type-post","status-publish","format-standard","has-post-thumbnail","hentry","category-actualitat"],"_links":{"self":[{"href":"https:\/\/afacatarroja.org\/ca\/wp-json\/wp\/v2\/posts\/2323","targetHints":{"allow":["GET"]}}],"collection":[{"href":"https:\/\/afacatarroja.org\/ca\/wp-json\/wp\/v2\/posts"}],"about":[{"href":"https:\/\/afacatarroja.org\/ca\/wp-json\/wp\/v2\/types\/post"}],"author":[{"embeddable":true,"href":"https:\/\/afacatarroja.org\/ca\/wp-json\/wp\/v2\/users\/1"}],"replies":[{"embeddable":true,"href":"https:\/\/afacatarroja.org\/ca\/wp-json\/wp\/v2\/comments?post=2323"}],"version-history":[{"count":2,"href":"https:\/\/afacatarroja.org\/ca\/wp-json\/wp\/v2\/posts\/2323\/revisions"}],"predecessor-version":[{"id":2475,"href":"https:\/\/afacatarroja.org\/ca\/wp-json\/wp\/v2\/posts\/2323\/revisions\/2475"}],"wp:featuredmedia":[{"embeddable":true,"href":"https:\/\/afacatarroja.org\/ca\/wp-json\/wp\/v2\/media\/2320"}],"wp:attachment":[{"href":"https:\/\/afacatarroja.org\/ca\/wp-json\/wp\/v2\/media?parent=2323"}],"wp:term":[{"taxonomy":"category","embeddable":true,"href":"https:\/\/afacatarroja.org\/ca\/wp-json\/wp\/v2\/categories?post=2323"},{"taxonomy":"post_tag","embeddable":true,"href":"https:\/\/afacatarroja.org\/ca\/wp-json\/wp\/v2\/tags?post=2323"}],"curies":[{"name":"wp","href":"https:\/\/api.w.org\/{rel}","templated":true}]}}