{"id":2316,"date":"2024-08-14T08:35:00","date_gmt":"2024-08-14T06:35:00","guid":{"rendered":"https:\/\/afacatarroja.org\/subvencion-concedida-por-la-conselleria-de-sanidad-a-los-programas-de-ayuda-mutua-y-autoayuda-relacionados-con-la-mejora-de-la-calidad-de-vida-de-los-pacientes-y-familiares-para-el-ejercicio-2024\/"},"modified":"2025-02-11T11:28:50","modified_gmt":"2025-02-11T10:28:50","slug":"subvencion-concedida-por-la-conselleria-de-sanidad-a-los-programas-de-ayuda-mutua-y-autoayuda-relacionados-con-la-mejora-de-la-calidad-de-vida-de-los-pacientes-y-familiares-para-el-ejercicio-2024","status":"publish","type":"post","link":"https:\/\/afacatarroja.org\/ca\/subvencion-concedida-por-la-conselleria-de-sanidad-a-los-programas-de-ayuda-mutua-y-autoayuda-relacionados-con-la-mejora-de-la-calidad-de-vida-de-los-pacientes-y-familiares-para-el-ejercicio-2024\/","title":{"rendered":"SUBVENCI\u00d3 CONCEDIDA PER LA CONSELLERIA DE SANITAT ALS PROGRAMES D&#8217;AJUDA M\u00daTUA I AUTOAJUDA RELACIONATS AMB LA MILLORA DE LA QUALITAT DE VIDA DELS PACIENTS I FAMILIARS, PER A L&#8217;EXERCICI 2024"},"content":{"rendered":"\n<p>Gr\u00e0cies a la Conselleria de Sanitat per la subvenci\u00f3 concedida als<strong> PROGRAMES D&#8217;AJUDA M\u00daTUA I AUTOAJUDA RELACIONATS AMB LA MILLORA DE LA QUALITAT DE VIDA DELS PACIENTS I FAMILIARS, PER A L&#8217;EXERCICI 2024 <\/strong>presentat per la nostra Federaci\u00f3 FEVAFA, i on la nostra Associaci\u00f3 de Familiars de malalts d&#8217;Alzheimer i altres dem\u00e8ncies de Catarroja (AFAC) ha participat dins del Programa de subvencions destinades a finan\u00e7ar Programes d&#8217;ajuda m\u00fatua i autoajuda, relacionats amb la millora de la qualitat de vida dels i les pacients a la Comunitat Valenciana en l&#8217;exercici 2024.<\/p>\n\n\n\n<p>La quantitat de 3.496,46\u20ac ha sigut atorgada per al Projecte GAM I ENTRENA LA TEUA MENT dut a terme durant l&#8217;any 2024.<\/p>\n\n\n\n<p>Moltes gr\u00e0cies.<\/p>\n\n\n\n<div class=\"wp-block-buttons is-layout-flex wp-block-buttons-is-layout-flex\">\n<div class=\"wp-block-button\"><a class=\"wp-block-button__link wp-element-button\" href=\"https:\/\/afacatarroja.org\/wp-content\/uploads\/2025\/02\/RESOLUCION-GAM-CONSELLERIA-DE-SANITAT-2024.pdf\" target=\"_blank\" rel=\"noreferrer noopener\">RESOLUCI\u00d3 PDF<\/a><\/div>\n<\/div>\n\n\n","protected":false},"excerpt":{"rendered":"<p>Gr\u00e0cies a la Conselleria de Sanitat per la subvenci\u00f3 concedida als PROGRAMES D&#8217;AJUDA M\u00daTUA I AUTOAJUDA RELACIONATS AMB LA MILLORA DE LA QUALITAT DE VIDA DELS PACIENTS I FAMILIARS, PER A L&#8217;EXERCICI 2024 presentat per la nostra Federaci\u00f3 FEVAFA, i on la nostra Associaci\u00f3 de Familiars de malalts d&#8217;Alzheimer i altres dem\u00e8ncies de Catarroja (AFAC) [&#8230;]\n","protected":false},"author":1,"featured_media":0,"comment_status":"closed","ping_status":"closed","sticky":false,"template":"","format":"standard","meta":{"footnotes":""},"categories":[19],"tags":[],"class_list":["post-2316","post","type-post","status-publish","format-standard","hentry","category-actualitat"],"_links":{"self":[{"href":"https:\/\/afacatarroja.org\/ca\/wp-json\/wp\/v2\/posts\/2316","targetHints":{"allow":["GET"]}}],"collection":[{"href":"https:\/\/afacatarroja.org\/ca\/wp-json\/wp\/v2\/posts"}],"about":[{"href":"https:\/\/afacatarroja.org\/ca\/wp-json\/wp\/v2\/types\/post"}],"author":[{"embeddable":true,"href":"https:\/\/afacatarroja.org\/ca\/wp-json\/wp\/v2\/users\/1"}],"replies":[{"embeddable":true,"href":"https:\/\/afacatarroja.org\/ca\/wp-json\/wp\/v2\/comments?post=2316"}],"version-history":[{"count":2,"href":"https:\/\/afacatarroja.org\/ca\/wp-json\/wp\/v2\/posts\/2316\/revisions"}],"predecessor-version":[{"id":2470,"href":"https:\/\/afacatarroja.org\/ca\/wp-json\/wp\/v2\/posts\/2316\/revisions\/2470"}],"wp:attachment":[{"href":"https:\/\/afacatarroja.org\/ca\/wp-json\/wp\/v2\/media?parent=2316"}],"wp:term":[{"taxonomy":"category","embeddable":true,"href":"https:\/\/afacatarroja.org\/ca\/wp-json\/wp\/v2\/categories?post=2316"},{"taxonomy":"post_tag","embeddable":true,"href":"https:\/\/afacatarroja.org\/ca\/wp-json\/wp\/v2\/tags?post=2316"}],"curies":[{"name":"wp","href":"https:\/\/api.w.org\/{rel}","templated":true}]}}