{"id":2270,"date":"2024-09-05T23:17:34","date_gmt":"2024-09-05T21:17:34","guid":{"rendered":"https:\/\/afacatarroja.org\/subvenciones-destinadas-a-las-entidades-asociativas-sin-animo-de-lucro-de-municipios-con-poblacion-inferior-a-50-000-hb-de-la-provincia-de-valencia-para-el-fomento-promocion-y-divulgacion-de-la-tra\/"},"modified":"2024-09-05T23:18:55","modified_gmt":"2024-09-05T21:18:55","slug":"subvenciones-destinadas-a-las-entidades-asociativas-sin-animo-de-lucro-de-municipios-con-poblacion-inferior-a-50-000-hb-de-la-provincia-de-valencia-para-el-fomento-promocion-y-divulgacion-de-la-tra","status":"publish","type":"post","link":"https:\/\/afacatarroja.org\/ca\/subvenciones-destinadas-a-las-entidades-asociativas-sin-animo-de-lucro-de-municipios-con-poblacion-inferior-a-50-000-hb-de-la-provincia-de-valencia-para-el-fomento-promocion-y-divulgacion-de-la-tra\/","title":{"rendered":"SUBVENCIONS DESTINADES A ENTITATS ASSOCIATIVES SENSE \u00c0NIM DE LUCRE DE MUNICIPIS AMB POBLACI\u00d3 INFERIOR A 50.000 HB. DE LA PROV\u00cdNCIA DE VAL\u00c8NCIA PER AL FOMENT PROMOCI\u00d3 I DIVULGACI\u00d3 DE LA TRANSPAR\u00c8NCIA I LA ESPONSABILITAT SOCIAL 2024"},"content":{"rendered":"\n<p>Gr\u00e0cies a la Diputaci\u00f3 Provincial de Val\u00e8ncia per la subvenci\u00f3 concedida a la nostra Associaci\u00f3 de Familiars de malalts d&#8217;Alzheimer i altres dem\u00e8ncies de Catarroja (AFAC) dins de la convocat\u00f2ria de subvencions destinades al foment, promoci\u00f3 i divulgaci\u00f3 de la transpar\u00e8ncia i la responsabilitat social 2024.<\/p>\n\n\n\n<p>El projecte realitzat PROJECTE GENERAL AFAC 2024. Transpar\u00e8ncia, s\u2019ha basat en apropar a la ciutadania de la poblaci\u00f3 de Catarroja el voluntariat i les diverses maneres de con\u00e8ixer la nostra AFAC, per tal de promocionar la transpar\u00e8ncia i fomentar la responsabilitat social.<\/p>\n\n\n\n<p>Ens han atorgat la quantitat de 5.000,00\u20ac per poder desenvolupar el projecte.<\/p>\n\n\n\n<p>Moltes gr\u00e0cies.<\/p>\n\n\n","protected":false},"excerpt":{"rendered":"<p>Gr\u00e0cies a la Diputaci\u00f3 Provincial de Val\u00e8ncia per la subvenci\u00f3 concedida a la nostra Associaci\u00f3 de Familiars de malalts d&#8217;Alzheimer i altres dem\u00e8ncies de Catarroja (AFAC) dins de la convocat\u00f2ria de subvencions destinades al foment, promoci\u00f3 i divulgaci\u00f3 de la transpar\u00e8ncia i la responsabilitat social 2024. El projecte realitzat PROJECTE GENERAL AFAC 2024. Transpar\u00e8ncia, s\u2019ha [&#8230;]\n","protected":false},"author":1,"featured_media":2267,"comment_status":"closed","ping_status":"closed","sticky":false,"template":"","format":"standard","meta":{"footnotes":""},"categories":[29],"tags":[],"class_list":["post-2270","post","type-post","status-publish","format-standard","has-post-thumbnail","hentry","category-ajudes-i-subvencions"],"_links":{"self":[{"href":"https:\/\/afacatarroja.org\/ca\/wp-json\/wp\/v2\/posts\/2270","targetHints":{"allow":["GET"]}}],"collection":[{"href":"https:\/\/afacatarroja.org\/ca\/wp-json\/wp\/v2\/posts"}],"about":[{"href":"https:\/\/afacatarroja.org\/ca\/wp-json\/wp\/v2\/types\/post"}],"author":[{"embeddable":true,"href":"https:\/\/afacatarroja.org\/ca\/wp-json\/wp\/v2\/users\/1"}],"replies":[{"embeddable":true,"href":"https:\/\/afacatarroja.org\/ca\/wp-json\/wp\/v2\/comments?post=2270"}],"version-history":[{"count":1,"href":"https:\/\/afacatarroja.org\/ca\/wp-json\/wp\/v2\/posts\/2270\/revisions"}],"predecessor-version":[{"id":2271,"href":"https:\/\/afacatarroja.org\/ca\/wp-json\/wp\/v2\/posts\/2270\/revisions\/2271"}],"wp:featuredmedia":[{"embeddable":true,"href":"https:\/\/afacatarroja.org\/ca\/wp-json\/wp\/v2\/media\/2267"}],"wp:attachment":[{"href":"https:\/\/afacatarroja.org\/ca\/wp-json\/wp\/v2\/media?parent=2270"}],"wp:term":[{"taxonomy":"category","embeddable":true,"href":"https:\/\/afacatarroja.org\/ca\/wp-json\/wp\/v2\/categories?post=2270"},{"taxonomy":"post_tag","embeddable":true,"href":"https:\/\/afacatarroja.org\/ca\/wp-json\/wp\/v2\/tags?post=2270"}],"curies":[{"name":"wp","href":"https:\/\/api.w.org\/{rel}","templated":true}]}}