{"id":2212,"date":"2024-07-12T13:50:00","date_gmt":"2024-07-12T11:50:00","guid":{"rendered":"https:\/\/afacatarroja.org\/proyecto-de-voluntariado-hazte-voluntario-a\/"},"modified":"2024-07-30T14:04:00","modified_gmt":"2024-07-30T12:04:00","slug":"proyecto-de-voluntariado-hazte-voluntario-a","status":"publish","type":"post","link":"https:\/\/afacatarroja.org\/ca\/proyecto-de-voluntariado-hazte-voluntario-a\/","title":{"rendered":"PROJECTE DE VOLUNTARIAT: FES-TE VOLUNTARI\/A"},"content":{"rendered":"\n<p>A principi d\u2019aquest any vam iniciar el projecte \u201cFes-te voluntari\/a\u201d per promocionar el voluntariat com una eina de participaci\u00f3 de la ciutadania en el desenvolupament cultural, pol\u00edtic i econ\u00f2mic de la societat. Amb aquesta finalitat, es programen diverses accions de participaci\u00f3 per a la comunitat, en este cas, educativa, tant de persones d&#8217;edat com d&#8217;alumnes entre 16 i 17 anys.<\/p>\n\n\n\n<p>Aquest ha estat format per diferents activitats, la primera, <em>reunions amb els centres educatius<\/em>, amb la finalitat d&#8217;explicar el projecte i les activitats a desenvolupar. Tamb\u00e9, per establir el cronograma d&#8217;activitats, i els criteris de l&#8217;avaluaci\u00f3.<\/p>\n\n\n\n<p>Despr\u00e9s, les <em>xerrades informatives<\/em> basades en l&#8217;explicaci\u00f3 de qui som i qu\u00e8 fem en la societat. Tot seguit parlarem de qu\u00e8 es ser persona volunt\u00e0ria i de quina manera se pot col\u00b7laborar, combinades amb una part te\u00f2rica i pr\u00e0ctica.<\/p>\n\n\n\n<p>Per \u00faltim, <em>la formaci\u00f3<\/em>, en la qual es va informar a les persones volunt\u00e0ries dels drets i obligacions, horaris i activitats que se realitzen, les dem\u00e8ncies, els s\u00edmptomes, la comunicaci\u00f3 amb persones afectades, i les activitats a realitzar en l&#8217;associaci\u00f3 amb les persones usu\u00e0ries. Tamb\u00e9, es va a entregar un q\u00fcestionari d\u2019avaluaci\u00f3 a les persones que ja han fet voluntariat.<\/p>\n\n\n","protected":false},"excerpt":{"rendered":"<p>A principi d\u2019aquest any vam iniciar el projecte \u201cFes-te voluntari\/a\u201d per promocionar el voluntariat com una eina de participaci\u00f3 de la ciutadania en el desenvolupament cultural, pol\u00edtic i econ\u00f2mic de la societat. Amb aquesta finalitat, es programen diverses accions de participaci\u00f3 per a la comunitat, en este cas, educativa, tant de persones d&#8217;edat com d&#8217;alumnes [&#8230;]\n","protected":false},"author":1,"featured_media":2213,"comment_status":"closed","ping_status":"closed","sticky":false,"template":"","format":"standard","meta":{"footnotes":""},"categories":[44],"tags":[],"class_list":["post-2212","post","type-post","status-publish","format-standard","has-post-thumbnail","hentry","category-sensibilizacion-contra-el-alzheimer"],"_links":{"self":[{"href":"https:\/\/afacatarroja.org\/ca\/wp-json\/wp\/v2\/posts\/2212","targetHints":{"allow":["GET"]}}],"collection":[{"href":"https:\/\/afacatarroja.org\/ca\/wp-json\/wp\/v2\/posts"}],"about":[{"href":"https:\/\/afacatarroja.org\/ca\/wp-json\/wp\/v2\/types\/post"}],"author":[{"embeddable":true,"href":"https:\/\/afacatarroja.org\/ca\/wp-json\/wp\/v2\/users\/1"}],"replies":[{"embeddable":true,"href":"https:\/\/afacatarroja.org\/ca\/wp-json\/wp\/v2\/comments?post=2212"}],"version-history":[{"count":1,"href":"https:\/\/afacatarroja.org\/ca\/wp-json\/wp\/v2\/posts\/2212\/revisions"}],"predecessor-version":[{"id":2216,"href":"https:\/\/afacatarroja.org\/ca\/wp-json\/wp\/v2\/posts\/2212\/revisions\/2216"}],"wp:featuredmedia":[{"embeddable":true,"href":"https:\/\/afacatarroja.org\/ca\/wp-json\/wp\/v2\/media\/2213"}],"wp:attachment":[{"href":"https:\/\/afacatarroja.org\/ca\/wp-json\/wp\/v2\/media?parent=2212"}],"wp:term":[{"taxonomy":"category","embeddable":true,"href":"https:\/\/afacatarroja.org\/ca\/wp-json\/wp\/v2\/categories?post=2212"},{"taxonomy":"post_tag","embeddable":true,"href":"https:\/\/afacatarroja.org\/ca\/wp-json\/wp\/v2\/tags?post=2212"}],"curies":[{"name":"wp","href":"https:\/\/api.w.org\/{rel}","templated":true}]}}