{"id":2078,"date":"2023-09-27T14:09:40","date_gmt":"2023-09-27T12:09:40","guid":{"rendered":"https:\/\/afacatarroja.org\/programa-de-prevencion-y-sensibilizacion-para-personas-mayores-en-riesgo-de-demencia-2\/"},"modified":"2024-01-12T14:10:52","modified_gmt":"2024-01-12T13:10:52","slug":"programa-de-prevencion-y-sensibilizacion-para-personas-mayores-en-riesgo-de-demencia-2","status":"publish","type":"post","link":"https:\/\/afacatarroja.org\/ca\/programa-de-prevencion-y-sensibilizacion-para-personas-mayores-en-riesgo-de-demencia-2\/","title":{"rendered":"PROGRAMA DE PREVENCI\u00d3 I SENSIBILITZACI\u00d3 PER A PERSONES MAJORS EN RISC DE DEM\u00c8NCIA"},"content":{"rendered":"\n<p>La nostra Associaci\u00f3 AFAC s\u2019ha sumat a realitzar aquest programa per conscienciar, visibilitzar i informar sobre les malalties neurodegeneratives i el seus principals s\u00edmptomes.<\/p>\n\n\n\n<p>El principal objectiu \u00e9s informar a la societat per a qu\u00e8 al primer s\u00edmptoma que detecten en u mateix o amb alguna persona del seu entorn puguen anar al seu centre de salut o a l\u2019Associaci\u00f3 de familiars d\u2019Alzheimer i altres dem\u00e8ncies m\u00e9s propera per informar-se i aconseguir un diagn\u00f2stic el m\u00e9s primerenc possible.&nbsp;<\/p>\n\n\n\n<p>Tindre un <strong>diagn\u00f2stic preco\u00e7<\/strong> \u00e9s rellevant en aquestes malalties tant per a la persona afectada com per a la seua fam\u00edlia ja que d\u2019una banda, coneixent la malaltia poden informar-se, assessorar-se i fer-li front. Tamb\u00e9 poden iniciar el tractament farmacol\u00f2gic i no farmacol\u00f2gic adaptat per a tractar d\u2019alentir la seua evoluci\u00f3. D\u2019altra banda, la persona afectada i el seu entorn poden adaptar-se a la nova situaci\u00f3, als nous rols (de persona cuidadora) i; poder planificar i decidir sobre el seu futur.<\/p>\n\n\n\n<p>Aquestes xarrades s\u2019han pogut realitzar gr\u00e0cies a la subvenci\u00f3 atorgada a la nostra Associaci\u00f3 per mediaci\u00f3 de Federaci\u00f3 Valenciana d\u2019Associacions de Familiars i Amics de persones amb Alzheimer i els Programes d\u2019Inter\u00e8s General per atendre fins de car\u00e0cter social amb c\u00e0rrec al tram auton\u00f2mic de l\u2019assignaci\u00f3 tribut\u00e0ria del 0,7% de l\u2019IRPF 2022 de la Vicepresid\u00e8ncia i Conselleria d\u2019Igualtat i Pol\u00edtiques Inclusives.<\/p>\n\n\n","protected":false},"excerpt":{"rendered":"<p>La nostra Associaci\u00f3 AFAC s\u2019ha sumat a realitzar aquest programa per conscienciar, visibilitzar i informar sobre les malalties neurodegeneratives i el seus principals s\u00edmptomes. El principal objectiu \u00e9s informar a la societat per a qu\u00e8 al primer s\u00edmptoma que detecten en u mateix o amb alguna persona del seu entorn puguen anar al seu centre [&#8230;]\n","protected":false},"author":1,"featured_media":2075,"comment_status":"closed","ping_status":"closed","sticky":false,"template":"","format":"standard","meta":{"footnotes":""},"categories":[31],"tags":[],"class_list":["post-2078","post","type-post","status-publish","format-standard","has-post-thumbnail","hentry","category-activitats"],"_links":{"self":[{"href":"https:\/\/afacatarroja.org\/ca\/wp-json\/wp\/v2\/posts\/2078","targetHints":{"allow":["GET"]}}],"collection":[{"href":"https:\/\/afacatarroja.org\/ca\/wp-json\/wp\/v2\/posts"}],"about":[{"href":"https:\/\/afacatarroja.org\/ca\/wp-json\/wp\/v2\/types\/post"}],"author":[{"embeddable":true,"href":"https:\/\/afacatarroja.org\/ca\/wp-json\/wp\/v2\/users\/1"}],"replies":[{"embeddable":true,"href":"https:\/\/afacatarroja.org\/ca\/wp-json\/wp\/v2\/comments?post=2078"}],"version-history":[{"count":1,"href":"https:\/\/afacatarroja.org\/ca\/wp-json\/wp\/v2\/posts\/2078\/revisions"}],"predecessor-version":[{"id":2079,"href":"https:\/\/afacatarroja.org\/ca\/wp-json\/wp\/v2\/posts\/2078\/revisions\/2079"}],"wp:featuredmedia":[{"embeddable":true,"href":"https:\/\/afacatarroja.org\/ca\/wp-json\/wp\/v2\/media\/2075"}],"wp:attachment":[{"href":"https:\/\/afacatarroja.org\/ca\/wp-json\/wp\/v2\/media?parent=2078"}],"wp:term":[{"taxonomy":"category","embeddable":true,"href":"https:\/\/afacatarroja.org\/ca\/wp-json\/wp\/v2\/categories?post=2078"},{"taxonomy":"post_tag","embeddable":true,"href":"https:\/\/afacatarroja.org\/ca\/wp-json\/wp\/v2\/tags?post=2078"}],"curies":[{"name":"wp","href":"https:\/\/api.w.org\/{rel}","templated":true}]}}