{"id":1989,"date":"2023-11-02T09:14:29","date_gmt":"2023-11-02T08:14:29","guid":{"rendered":"https:\/\/afacatarroja.org\/subvencion-diputacion-provincial-de-valencia-2023\/"},"modified":"2023-11-02T09:17:44","modified_gmt":"2023-11-02T08:17:44","slug":"subvencion-diputacion-provincial-de-valencia-2023","status":"publish","type":"post","link":"https:\/\/afacatarroja.org\/ca\/subvencion-diputacion-provincial-de-valencia-2023\/","title":{"rendered":"SUBVENCI\u00d3 DIPUTACI\u00d3 PROVINCIAL DE VAL\u00c8NCIA 2023"},"content":{"rendered":"\n<p>Gr\u00e0cies a la Diputaci\u00f3 Provincial de Val\u00e8ncia per la subvenci\u00f3 concedida a la nostra Associaci\u00f3 de Familiars de malalts d&#8217;Alzheimer i altres dem\u00e8ncies de Catarroja (AFAC) dins de la convocat\u00f2ria de subvencions, en r\u00e8gim de concurr\u00e8ncia competitiva, destinades al manteniment i desenvolupament de projectes espec\u00edfics de mancomunitats i entitats privades d&#8217;acci\u00f3 social de la prov\u00edncia de Val\u00e8ncia en l&#8217;exercici 2023.<\/p>\n\n\n\n<p>La quantitat de 3.050,04\u20ac ha sigut atorgada per al Projecte d\u2019Estimulaci\u00f3 Cognitiva. Moltes gr\u00e0cies.<\/p>\n\n\n\n<div class=\"wp-block-buttons is-layout-flex wp-block-buttons-is-layout-flex\">\n<div class=\"wp-block-button\"><a class=\"wp-block-button__link wp-element-button\" href=\"https:\/\/afacatarroja.org\/wp-content\/uploads\/2023\/11\/RESOLUCIO-SUBVENCIO-DIPUTACIO-DE-VALENCIA-2023-1.pdf\" target=\"_blank\" rel=\"noreferrer noopener\">RESOLUCI\u00d3 PDF<\/a><\/div>\n<\/div>\n\n\n","protected":false},"excerpt":{"rendered":"<p>Gr\u00e0cies a la Diputaci\u00f3 Provincial de Val\u00e8ncia per la subvenci\u00f3 concedida a la nostra Associaci\u00f3 de Familiars de malalts d&#8217;Alzheimer i altres dem\u00e8ncies de Catarroja (AFAC) dins de la convocat\u00f2ria de subvencions, en r\u00e8gim de concurr\u00e8ncia competitiva, destinades al manteniment i desenvolupament de projectes espec\u00edfics de mancomunitats i entitats privades d&#8217;acci\u00f3 social de la prov\u00edncia [&#8230;]\n","protected":false},"author":1,"featured_media":2038,"comment_status":"closed","ping_status":"closed","sticky":false,"template":"","format":"standard","meta":{"footnotes":""},"categories":[29],"tags":[],"class_list":["post-1989","post","type-post","status-publish","format-standard","has-post-thumbnail","hentry","category-ajudes-i-subvencions"],"_links":{"self":[{"href":"https:\/\/afacatarroja.org\/ca\/wp-json\/wp\/v2\/posts\/1989","targetHints":{"allow":["GET"]}}],"collection":[{"href":"https:\/\/afacatarroja.org\/ca\/wp-json\/wp\/v2\/posts"}],"about":[{"href":"https:\/\/afacatarroja.org\/ca\/wp-json\/wp\/v2\/types\/post"}],"author":[{"embeddable":true,"href":"https:\/\/afacatarroja.org\/ca\/wp-json\/wp\/v2\/users\/1"}],"replies":[{"embeddable":true,"href":"https:\/\/afacatarroja.org\/ca\/wp-json\/wp\/v2\/comments?post=1989"}],"version-history":[{"count":2,"href":"https:\/\/afacatarroja.org\/ca\/wp-json\/wp\/v2\/posts\/1989\/revisions"}],"predecessor-version":[{"id":1994,"href":"https:\/\/afacatarroja.org\/ca\/wp-json\/wp\/v2\/posts\/1989\/revisions\/1994"}],"wp:featuredmedia":[{"embeddable":true,"href":"https:\/\/afacatarroja.org\/ca\/wp-json\/wp\/v2\/media\/2038"}],"wp:attachment":[{"href":"https:\/\/afacatarroja.org\/ca\/wp-json\/wp\/v2\/media?parent=1989"}],"wp:term":[{"taxonomy":"category","embeddable":true,"href":"https:\/\/afacatarroja.org\/ca\/wp-json\/wp\/v2\/categories?post=1989"},{"taxonomy":"post_tag","embeddable":true,"href":"https:\/\/afacatarroja.org\/ca\/wp-json\/wp\/v2\/tags?post=1989"}],"curies":[{"name":"wp","href":"https:\/\/api.w.org\/{rel}","templated":true}]}}