{"id":1982,"date":"2023-11-02T09:11:21","date_gmt":"2023-11-02T08:11:21","guid":{"rendered":"https:\/\/afacatarroja.org\/subvencion-fomento-del-valenciano-2023\/"},"modified":"2023-11-02T09:12:28","modified_gmt":"2023-11-02T08:12:28","slug":"subvencion-fomento-del-valenciano-2023","status":"publish","type":"post","link":"https:\/\/afacatarroja.org\/ca\/subvencion-fomento-del-valenciano-2023\/","title":{"rendered":"SUBVENCI\u00d3 FOMENT DEL VALENCI\u00c0 2023"},"content":{"rendered":"\n<p>Gr\u00e0cies a la Conselleria d&#8217;Educaci\u00f3, Cultura i Esport per la subvenci\u00f3 concedida a la nostra Associaci\u00f3 de Familiars de malalts d&#8217;Alzheimer i altres dem\u00e8ncies de Catarroja (AFAC)&nbsp;dins del Programa de subvencions destinat a finan\u00e7ar el foment del valenci\u00e0 per a les institucions, entitats i associacions sense finalitat lucrativa i per a les persones jur\u00eddiques p\u00fabliques i privades que realitzen projectes singulars de foment del valenci\u00e0 i del multiling\u00fcisme en l&#8217;\u00e0mbit social per a l&#8217;exercici pressupostari de 2023.<\/p>\n\n\n\n<p>La quantitat de 2.029,65\u20ac ha sigut atorgada per a la retolaci\u00f3 de la nova seu i adquisici\u00f3 de productes de marxandatge.<\/p>\n\n\n\n<p>Moltes gr\u00e0cies.<\/p>\n\n\n\n<div class=\"wp-block-buttons is-layout-flex wp-block-buttons-is-layout-flex\">\n<div class=\"wp-block-button\"><a class=\"wp-block-button__link wp-element-button\" href=\"https:\/\/afacatarroja.org\/wp-content\/uploads\/2023\/11\/Resolucio-concessio-Mod-A-CAS-Justif-fins-31.10.23-1.pdf\" target=\"_blank\" rel=\"noreferrer noopener\">RESOLUCI\u00d3 PDF<\/a><\/div>\n<\/div>\n\n\n","protected":false},"excerpt":{"rendered":"<p>Gr\u00e0cies a la Conselleria d&#8217;Educaci\u00f3, Cultura i Esport per la subvenci\u00f3 concedida a la nostra Associaci\u00f3 de Familiars de malalts d&#8217;Alzheimer i altres dem\u00e8ncies de Catarroja (AFAC)&nbsp;dins del Programa de subvencions destinat a finan\u00e7ar el foment del valenci\u00e0 per a les institucions, entitats i associacions sense finalitat lucrativa i per a les persones jur\u00eddiques p\u00fabliques [&#8230;]\n","protected":false},"author":1,"featured_media":1342,"comment_status":"closed","ping_status":"closed","sticky":false,"template":"","format":"standard","meta":{"footnotes":""},"categories":[29],"tags":[],"class_list":["post-1982","post","type-post","status-publish","format-standard","has-post-thumbnail","hentry","category-ajudes-i-subvencions"],"_links":{"self":[{"href":"https:\/\/afacatarroja.org\/ca\/wp-json\/wp\/v2\/posts\/1982","targetHints":{"allow":["GET"]}}],"collection":[{"href":"https:\/\/afacatarroja.org\/ca\/wp-json\/wp\/v2\/posts"}],"about":[{"href":"https:\/\/afacatarroja.org\/ca\/wp-json\/wp\/v2\/types\/post"}],"author":[{"embeddable":true,"href":"https:\/\/afacatarroja.org\/ca\/wp-json\/wp\/v2\/users\/1"}],"replies":[{"embeddable":true,"href":"https:\/\/afacatarroja.org\/ca\/wp-json\/wp\/v2\/comments?post=1982"}],"version-history":[{"count":1,"href":"https:\/\/afacatarroja.org\/ca\/wp-json\/wp\/v2\/posts\/1982\/revisions"}],"predecessor-version":[{"id":1983,"href":"https:\/\/afacatarroja.org\/ca\/wp-json\/wp\/v2\/posts\/1982\/revisions\/1983"}],"wp:featuredmedia":[{"embeddable":true,"href":"https:\/\/afacatarroja.org\/ca\/wp-json\/wp\/v2\/media\/1342"}],"wp:attachment":[{"href":"https:\/\/afacatarroja.org\/ca\/wp-json\/wp\/v2\/media?parent=1982"}],"wp:term":[{"taxonomy":"category","embeddable":true,"href":"https:\/\/afacatarroja.org\/ca\/wp-json\/wp\/v2\/categories?post=1982"},{"taxonomy":"post_tag","embeddable":true,"href":"https:\/\/afacatarroja.org\/ca\/wp-json\/wp\/v2\/tags?post=1982"}],"curies":[{"name":"wp","href":"https:\/\/api.w.org\/{rel}","templated":true}]}}