{"id":1954,"date":"2023-09-26T09:33:41","date_gmt":"2023-09-26T07:33:41","guid":{"rendered":"https:\/\/afacatarroja.org\/movilidad-inclusiva-para-celebrar-el-v-aniversario-de-afac\/"},"modified":"2023-09-26T09:34:53","modified_gmt":"2023-09-26T07:34:53","slug":"movilidad-inclusiva-para-celebrar-el-v-aniversario-de-afac","status":"publish","type":"post","link":"https:\/\/afacatarroja.org\/ca\/movilidad-inclusiva-para-celebrar-el-v-aniversario-de-afac\/","title":{"rendered":"MOBILITAT INCLUSIVA PER CELEBRAR EL V ANIVERSARI D\u2019AFAC"},"content":{"rendered":"\n<p>21 de setembre, data clau per a totes les Associacions de Familiars de malalts d\u2019Alzheimer i altres dem\u00e8ncies com la nostra AFAC, i m\u00e9s important per nosaltres, ja que este dia, l\u2019AFAC, celebra el seu 5\u00e9 aniversari. 5 anys de lluita i treball per poder donar a les fam\u00edlies i a les persones afectades amb malalties neurodegeneratives una millor qualitat de vida.<\/p>\n\n\n\n<p>Com no podia ser d\u2019altra manera i com fem des de fa 5 anys, AFAC va commemorar, a la porta de l\u2019Ajuntament de Catarroja, el Dia Mundial de l\u2019Alzheimer.<\/p>\n\n\n\n<p>Ja de vesprada, vam celebrar la nostra festa d\u2019aniversari!<\/p>\n\n\n\n<figure class=\"wp-block-gallery has-nested-images columns-default is-cropped wp-block-gallery-1 is-layout-flex wp-block-gallery-is-layout-flex\">\n<figure class=\"wp-block-image size-large\"><img loading=\"lazy\" decoding=\"async\" width=\"675\" height=\"1200\" data-id=\"1935\" src=\"https:\/\/afacatarroja.org\/wp-content\/uploads\/2023\/09\/1-675x1200.jpeg\" alt=\"\" class=\"wp-image-1935\" srcset=\"https:\/\/afacatarroja.org\/wp-content\/uploads\/2023\/09\/1-675x1200.jpeg 675w, https:\/\/afacatarroja.org\/wp-content\/uploads\/2023\/09\/1-338x600.jpeg 338w, https:\/\/afacatarroja.org\/wp-content\/uploads\/2023\/09\/1-768x1365.jpeg 768w, https:\/\/afacatarroja.org\/wp-content\/uploads\/2023\/09\/1-864x1536.jpeg 864w, https:\/\/afacatarroja.org\/wp-content\/uploads\/2023\/09\/1.jpeg 1134w\" sizes=\"auto, (max-width: 675px) 100vw, 675px\" \/><\/figure>\n\n\n\n<figure class=\"wp-block-image size-large\"><img loading=\"lazy\" decoding=\"async\" width=\"619\" height=\"1200\" data-id=\"1938\" src=\"https:\/\/afacatarroja.org\/wp-content\/uploads\/2023\/09\/2-619x1200.jpeg\" alt=\"\" class=\"wp-image-1938\" srcset=\"https:\/\/afacatarroja.org\/wp-content\/uploads\/2023\/09\/2-619x1200.jpeg 619w, https:\/\/afacatarroja.org\/wp-content\/uploads\/2023\/09\/2-310x600.jpeg 310w, https:\/\/afacatarroja.org\/wp-content\/uploads\/2023\/09\/2-768x1489.jpeg 768w, https:\/\/afacatarroja.org\/wp-content\/uploads\/2023\/09\/2-792x1536.jpeg 792w, https:\/\/afacatarroja.org\/wp-content\/uploads\/2023\/09\/2.jpeg 992w\" sizes=\"auto, (max-width: 619px) 100vw, 619px\" \/><\/figure>\n\n\n\n<figure class=\"wp-block-image size-large\"><img loading=\"lazy\" decoding=\"async\" width=\"900\" height=\"1200\" data-id=\"1944\" src=\"https:\/\/afacatarroja.org\/wp-content\/uploads\/2023\/09\/4-900x1200.jpeg\" alt=\"\" class=\"wp-image-1944\" srcset=\"https:\/\/afacatarroja.org\/wp-content\/uploads\/2023\/09\/4-900x1200.jpeg 900w, https:\/\/afacatarroja.org\/wp-content\/uploads\/2023\/09\/4-450x600.jpeg 450w, https:\/\/afacatarroja.org\/wp-content\/uploads\/2023\/09\/4-768x1024.jpeg 768w, https:\/\/afacatarroja.org\/wp-content\/uploads\/2023\/09\/4-1152x1536.jpeg 1152w, https:\/\/afacatarroja.org\/wp-content\/uploads\/2023\/09\/4.jpeg 1500w\" sizes=\"auto, (max-width: 900px) 100vw, 900px\" \/><\/figure>\n\n\n\n<figure class=\"wp-block-image size-large\"><img loading=\"lazy\" decoding=\"async\" width=\"1200\" height=\"640\" data-id=\"1947\" src=\"https:\/\/afacatarroja.org\/wp-content\/uploads\/2023\/09\/5-1200x640.jpeg\" alt=\"\" class=\"wp-image-1947\" srcset=\"https:\/\/afacatarroja.org\/wp-content\/uploads\/2023\/09\/5-1200x640.jpeg 1200w, https:\/\/afacatarroja.org\/wp-content\/uploads\/2023\/09\/5-600x320.jpeg 600w, https:\/\/afacatarroja.org\/wp-content\/uploads\/2023\/09\/5-768x410.jpeg 768w, https:\/\/afacatarroja.org\/wp-content\/uploads\/2023\/09\/5-1536x819.jpeg 1536w, https:\/\/afacatarroja.org\/wp-content\/uploads\/2023\/09\/5.jpeg 1725w\" sizes=\"auto, (max-width: 1200px) 100vw, 1200px\" \/><\/figure>\n\n\n\n<figure class=\"wp-block-image size-large\"><img loading=\"lazy\" decoding=\"async\" width=\"1200\" height=\"800\" data-id=\"1950\" src=\"https:\/\/afacatarroja.org\/wp-content\/uploads\/2023\/09\/6-1200x800.jpeg\" alt=\"\" class=\"wp-image-1950\" srcset=\"https:\/\/afacatarroja.org\/wp-content\/uploads\/2023\/09\/6-1200x800.jpeg 1200w, https:\/\/afacatarroja.org\/wp-content\/uploads\/2023\/09\/6-600x400.jpeg 600w, https:\/\/afacatarroja.org\/wp-content\/uploads\/2023\/09\/6-768x512.jpeg 768w, https:\/\/afacatarroja.org\/wp-content\/uploads\/2023\/09\/6-1536x1023.jpeg 1536w, https:\/\/afacatarroja.org\/wp-content\/uploads\/2023\/09\/6.jpeg 1600w\" sizes=\"auto, (max-width: 1200px) 100vw, 1200px\" \/><\/figure>\n<\/figure>\n\n\n\n<p>En primer lloc, vam contar amb la presencia de l\u2019alumnat del Cicle Formatiu de Grau Superior en Integraci\u00f3 Social de l\u2019IES Berenguer Dalmau de Catarroja. Als quals els volem donar les gr\u00e0cies per estar amb nosaltres, per la seua dedicaci\u00f3 amb les persones afectades i per l\u2019atenci\u00f3 oferida a les fam\u00edlies. A m\u00e9s, en van crear diversos jocs per poder gaudir d\u2019una vesprada fant\u00e0stica, i sobretot, per la seua predisposici\u00f3 a ser els conductors i conductores dels tricicles adaptats.<\/p>\n\n\n\n<figure class=\"wp-block-image size-large\"><img loading=\"lazy\" decoding=\"async\" width=\"1200\" height=\"900\" src=\"https:\/\/afacatarroja.org\/wp-content\/uploads\/2023\/09\/3-1200x900.jpeg\" alt=\"\" class=\"wp-image-1941\" srcset=\"https:\/\/afacatarroja.org\/wp-content\/uploads\/2023\/09\/3-1200x900.jpeg 1200w, https:\/\/afacatarroja.org\/wp-content\/uploads\/2023\/09\/3-600x450.jpeg 600w, https:\/\/afacatarroja.org\/wp-content\/uploads\/2023\/09\/3-768x576.jpeg 768w, https:\/\/afacatarroja.org\/wp-content\/uploads\/2023\/09\/3-1536x1152.jpeg 1536w, https:\/\/afacatarroja.org\/wp-content\/uploads\/2023\/09\/3.jpeg 2000w\" sizes=\"auto, (max-width: 1200px) 100vw, 1200px\" \/><\/figure>\n\n\n\n<p>En segon lloc, volem agrair al Col\u00b7lectiu Soterranya de Torrent la cessi\u00f3 solid\u00e0ria dels seus tricicles adaptats per poder oferir a les nostres fam\u00edlies i persones usu\u00e0ries, la possibilitat de gaudir d\u2019una nova manera de despla\u00e7ar-se, i al mateix temps, poder beneficiar-se de tots els avantatges de fomentar les relacions socials. Col\u00b7lectiu Soterranya \u00e9s una associaci\u00f3 de car\u00e0cter social, ambiental i cultural sense \u00e0nim de lucre de Torrent que, des de 2.004, se dedica a desenvolupar accions de voluntariat laic del camp social, educatiu i medi ambient. Des de fa diversos anys, formen part del projecte solidari de mobilitat sostenible i inclusiva, dut a terme a nivell internacional, i anomenat En Bici sense Edat. Cal recalcar que esta associaci\u00f3 no va dubtar, en cap moment, en deixar-nos els seus tricicles, tot i que es trobaven celebrant la Setmana Europea de la Mobilitat a la seua localitat.&nbsp;<\/p>\n\n\n\n<p>Somriures, abra\u00e7ades, alegria, animaci\u00f3, diversi\u00f3, emotivitat, records, jocs, complicitat, &#8230; tot un fum d\u2019emocions trobades al voltant d\u2019un entorn natural, el Parc de Paluzi\u00e9 de Catarroja. Per finalitzar, m\u00e9s de 50 persones usu\u00e0ries, estudiants, familiars, fills i filles, pares i mares, nets i netes, celebr\u00e0rem el nostre dia amb un berenar-sopar.<\/p>\n\n\n\n<p>Un dia que quedar\u00e0 atresorat als nostres cors.&nbsp;<\/p>\n\n\n\n<p>Volem fer especial agra\u00efment a: Ajuntament de Catarroja, Ajuntament d\u2019Albal,&nbsp; IES Berenguer Dalmau, Col\u00b7lectiu Soterranya i Caixa Popular.<\/p>\n\n\n","protected":false},"excerpt":{"rendered":"<p>21 de setembre, data clau per a totes les Associacions de Familiars de malalts d\u2019Alzheimer i altres dem\u00e8ncies com la nostra AFAC, i m\u00e9s important per nosaltres, ja que este dia, l\u2019AFAC, celebra el seu 5\u00e9 aniversari. 5 anys de lluita i treball per poder donar a les fam\u00edlies i a les persones afectades amb [&#8230;]\n","protected":false},"author":1,"featured_media":1933,"comment_status":"closed","ping_status":"closed","sticky":false,"template":"","format":"standard","meta":{"footnotes":""},"categories":[31,19],"tags":[],"class_list":["post-1954","post","type-post","status-publish","format-standard","has-post-thumbnail","hentry","category-activitats","category-actualitat"],"_links":{"self":[{"href":"https:\/\/afacatarroja.org\/ca\/wp-json\/wp\/v2\/posts\/1954","targetHints":{"allow":["GET"]}}],"collection":[{"href":"https:\/\/afacatarroja.org\/ca\/wp-json\/wp\/v2\/posts"}],"about":[{"href":"https:\/\/afacatarroja.org\/ca\/wp-json\/wp\/v2\/types\/post"}],"author":[{"embeddable":true,"href":"https:\/\/afacatarroja.org\/ca\/wp-json\/wp\/v2\/users\/1"}],"replies":[{"embeddable":true,"href":"https:\/\/afacatarroja.org\/ca\/wp-json\/wp\/v2\/comments?post=1954"}],"version-history":[{"count":1,"href":"https:\/\/afacatarroja.org\/ca\/wp-json\/wp\/v2\/posts\/1954\/revisions"}],"predecessor-version":[{"id":1955,"href":"https:\/\/afacatarroja.org\/ca\/wp-json\/wp\/v2\/posts\/1954\/revisions\/1955"}],"wp:featuredmedia":[{"embeddable":true,"href":"https:\/\/afacatarroja.org\/ca\/wp-json\/wp\/v2\/media\/1933"}],"wp:attachment":[{"href":"https:\/\/afacatarroja.org\/ca\/wp-json\/wp\/v2\/media?parent=1954"}],"wp:term":[{"taxonomy":"category","embeddable":true,"href":"https:\/\/afacatarroja.org\/ca\/wp-json\/wp\/v2\/categories?post=1954"},{"taxonomy":"post_tag","embeddable":true,"href":"https:\/\/afacatarroja.org\/ca\/wp-json\/wp\/v2\/tags?post=1954"}],"curies":[{"name":"wp","href":"https:\/\/api.w.org\/{rel}","templated":true}]}}