{"id":1916,"date":"2023-09-15T14:05:20","date_gmt":"2023-09-15T12:05:20","guid":{"rendered":"https:\/\/afacatarroja.org\/charla-en-afac-disfagia-y-atragantamientos-en-personas-con-alzheimer\/"},"modified":"2023-09-15T14:06:11","modified_gmt":"2023-09-15T12:06:11","slug":"charla-en-afac-disfagia-y-atragantamientos-en-personas-con-alzheimer","status":"publish","type":"post","link":"https:\/\/afacatarroja.org\/ca\/charla-en-afac-disfagia-y-atragantamientos-en-personas-con-alzheimer\/","title":{"rendered":"XERRADA A L\u2019AFAC: \u201cDISF\u00c0GIA I ATRAGANTAMENTS EN PERSONES AMB ALZHEIMER\u201d"},"content":{"rendered":"\n<p>Dins del programa de les activitats que hem preparat per a aquest mes anem a realitzar una xarrada sobre \u201cDisf\u00e0gia i atragantaments en persones amb Alzheimer\u201d impartit per Mayte Garc\u00eda Salvador, infermera i especialista en geriatria i cures pal\u00b7liatives a la Unitat d\u2019Hospitalitzaci\u00f3 a Domicili (UHD) de l\u2019Hospital Universitari i Polit\u00e8cnic La Fe de Val\u00e8ncia.&nbsp;<\/p>\n\n\n\n<p>Al llarg del proc\u00e9s de la malaltia es van presentant diferents s\u00edmptomes i un d\u2019ells es la disf\u00e0gia, el qual es tracta de la dificultat per a tragar aliments s\u00f2lids, semi s\u00f2lids i\/o l\u00edquids. Con\u00e8ixer com detectar davant d\u2019aquest i com actuar, \u00e9s important per a evitar altres complicacions en la salut de la persona afectada.&nbsp;<\/p>\n\n\n\n<p>Data: Dimecres 20 de setembre<\/p>\n\n\n\n<p>Lloc: Catarroja, Seu d\u2019AFAC<\/p>\n\n\n\n<p>Direcci\u00f3: Av. Murcia, 4<\/p>\n\n\n\n<p>Horari: 19:00 hores<\/p>\n\n\n\n<p>Vos esperem!<\/p>\n\n\n","protected":false},"excerpt":{"rendered":"<p>Dins del programa de les activitats que hem preparat per a aquest mes anem a realitzar una xarrada sobre \u201cDisf\u00e0gia i atragantaments en persones amb Alzheimer\u201d impartit per Mayte Garc\u00eda Salvador, infermera i especialista en geriatria i cures pal\u00b7liatives a la Unitat d\u2019Hospitalitzaci\u00f3 a Domicili (UHD) de l\u2019Hospital Universitari i Polit\u00e8cnic La Fe de Val\u00e8ncia.&nbsp; [&#8230;]\n","protected":false},"author":1,"featured_media":1919,"comment_status":"closed","ping_status":"closed","sticky":false,"template":"","format":"standard","meta":{"footnotes":""},"categories":[31,41],"tags":[],"class_list":["post-1916","post","type-post","status-publish","format-standard","has-post-thumbnail","hentry","category-activitats","category-dia-mundial-del-alzheimer-ca"],"_links":{"self":[{"href":"https:\/\/afacatarroja.org\/ca\/wp-json\/wp\/v2\/posts\/1916","targetHints":{"allow":["GET"]}}],"collection":[{"href":"https:\/\/afacatarroja.org\/ca\/wp-json\/wp\/v2\/posts"}],"about":[{"href":"https:\/\/afacatarroja.org\/ca\/wp-json\/wp\/v2\/types\/post"}],"author":[{"embeddable":true,"href":"https:\/\/afacatarroja.org\/ca\/wp-json\/wp\/v2\/users\/1"}],"replies":[{"embeddable":true,"href":"https:\/\/afacatarroja.org\/ca\/wp-json\/wp\/v2\/comments?post=1916"}],"version-history":[{"count":1,"href":"https:\/\/afacatarroja.org\/ca\/wp-json\/wp\/v2\/posts\/1916\/revisions"}],"predecessor-version":[{"id":1917,"href":"https:\/\/afacatarroja.org\/ca\/wp-json\/wp\/v2\/posts\/1916\/revisions\/1917"}],"wp:featuredmedia":[{"embeddable":true,"href":"https:\/\/afacatarroja.org\/ca\/wp-json\/wp\/v2\/media\/1919"}],"wp:attachment":[{"href":"https:\/\/afacatarroja.org\/ca\/wp-json\/wp\/v2\/media?parent=1916"}],"wp:term":[{"taxonomy":"category","embeddable":true,"href":"https:\/\/afacatarroja.org\/ca\/wp-json\/wp\/v2\/categories?post=1916"},{"taxonomy":"post_tag","embeddable":true,"href":"https:\/\/afacatarroja.org\/ca\/wp-json\/wp\/v2\/tags?post=1916"}],"curies":[{"name":"wp","href":"https:\/\/api.w.org\/{rel}","templated":true}]}}