{"id":1901,"date":"2023-09-15T13:59:46","date_gmt":"2023-09-15T11:59:46","guid":{"rendered":"https:\/\/afacatarroja.org\/programa-de-actividades-para-conmemorar-el-dia-mundial-del-alzheimer\/"},"modified":"2023-09-15T14:00:24","modified_gmt":"2023-09-15T12:00:24","slug":"programa-de-actividades-para-conmemorar-el-dia-mundial-del-alzheimer","status":"publish","type":"post","link":"https:\/\/afacatarroja.org\/ca\/programa-de-actividades-para-conmemorar-el-dia-mundial-del-alzheimer\/","title":{"rendered":"PROGRAMA D\u2019ACTIVITATS PER COMMEMORAR EL DIA MUNDIAL DE L\u2019ALZHEIMER"},"content":{"rendered":"\n<p>Un any m\u00e9s, hem preparat un Programa d&#8217;activitats per a celebrar la Commemoraci\u00f3 del Dia Mundial de l&#8217;Alzheimer, que se celebrar\u00e0 dijous 21de setembre.&nbsp;<\/p>\n\n\n\n<p>Taules informatives, xarrades, formacions, videof\u00f2rum, lectures del Manifest per l&#8217;Alzheimer i Jornades Familiars s\u00f3n algunes de les activitats que hem preparat enguany amb la intenci\u00f3 de donar visibilitat a aquestes malalties,&nbsp; normalitzar-les i conscienciar a la ciutadania en general.<\/p>\n\n\n\n<p>Esperem poder comptar amb vosaltres i que ens acompanyeu en aquest cam\u00ed que vam emprendre fa 5 anys, una lluita que, malgrat totes les dificultats per les quals passem, no abandonem.&nbsp;<\/p>\n\n\n\n<p>S\u00f3n moltes les fam\u00edlies que necessiten el nostre suport, i per elles i pels seus familiars, continuarem lluitant.<\/p>\n\n\n\n<p><\/p>\n\n\n","protected":false},"excerpt":{"rendered":"<p>Un any m\u00e9s, hem preparat un Programa d&#8217;activitats per a celebrar la Commemoraci\u00f3 del Dia Mundial de l&#8217;Alzheimer, que se celebrar\u00e0 dijous 21de setembre.&nbsp; Taules informatives, xarrades, formacions, videof\u00f2rum, lectures del Manifest per l&#8217;Alzheimer i Jornades Familiars s\u00f3n algunes de les activitats que hem preparat enguany amb la intenci\u00f3 de donar visibilitat a aquestes malalties,&nbsp; [&#8230;]\n","protected":false},"author":1,"featured_media":1898,"comment_status":"closed","ping_status":"closed","sticky":false,"template":"","format":"standard","meta":{"footnotes":""},"categories":[31,41],"tags":[],"class_list":["post-1901","post","type-post","status-publish","format-standard","has-post-thumbnail","hentry","category-activitats","category-dia-mundial-del-alzheimer-ca"],"_links":{"self":[{"href":"https:\/\/afacatarroja.org\/ca\/wp-json\/wp\/v2\/posts\/1901","targetHints":{"allow":["GET"]}}],"collection":[{"href":"https:\/\/afacatarroja.org\/ca\/wp-json\/wp\/v2\/posts"}],"about":[{"href":"https:\/\/afacatarroja.org\/ca\/wp-json\/wp\/v2\/types\/post"}],"author":[{"embeddable":true,"href":"https:\/\/afacatarroja.org\/ca\/wp-json\/wp\/v2\/users\/1"}],"replies":[{"embeddable":true,"href":"https:\/\/afacatarroja.org\/ca\/wp-json\/wp\/v2\/comments?post=1901"}],"version-history":[{"count":1,"href":"https:\/\/afacatarroja.org\/ca\/wp-json\/wp\/v2\/posts\/1901\/revisions"}],"predecessor-version":[{"id":1902,"href":"https:\/\/afacatarroja.org\/ca\/wp-json\/wp\/v2\/posts\/1901\/revisions\/1902"}],"wp:featuredmedia":[{"embeddable":true,"href":"https:\/\/afacatarroja.org\/ca\/wp-json\/wp\/v2\/media\/1898"}],"wp:attachment":[{"href":"https:\/\/afacatarroja.org\/ca\/wp-json\/wp\/v2\/media?parent=1901"}],"wp:term":[{"taxonomy":"category","embeddable":true,"href":"https:\/\/afacatarroja.org\/ca\/wp-json\/wp\/v2\/categories?post=1901"},{"taxonomy":"post_tag","embeddable":true,"href":"https:\/\/afacatarroja.org\/ca\/wp-json\/wp\/v2\/tags?post=1901"}],"curies":[{"name":"wp","href":"https:\/\/api.w.org\/{rel}","templated":true}]}}